{"id":1152,"date":"2026-02-09T12:39:30","date_gmt":"2026-02-09T15:39:30","guid":{"rendered":"https:\/\/www.ecoclimas.com.br\/blog\/?p=1152"},"modified":"2026-03-11T12:45:17","modified_gmt":"2026-03-11T15:45:17","slug":"climatizacao-no-agronegocio-como-o-estresse-termico-afeta-producao-animal-e-o-armazenamento-de-graos","status":"publish","type":"post","link":"https:\/\/www.ecoclimas.com.br\/blog\/climatizacao-no-agronegocio-como-o-estresse-termico-afeta-producao-animal-e-o-armazenamento-de-graos\/","title":{"rendered":"Climatiza\u00e7\u00e3o no agroneg\u00f3cio: Como o estresse t\u00e9rmico afeta a produ\u00e7\u00e3o animal e o armazenamento de gr\u00e3os"},"content":{"rendered":"<p><span style=\"font-weight: 400;\">A variabilidade clim\u00e1tica e o aumento recorrente de ondas de calor t\u00eam imposto desafios cada vez mais severos ao agroneg\u00f3cio brasileiro. Para quem j\u00e1 atua na pecu\u00e1ria intensiva ou no p\u00f3s-colheita, \u00e9 evidente que temperatura e umidade relativa do ar n\u00e3o s\u00e3o apenas vari\u00e1veis ambientais: s\u00e3o indicadores diretos de desempenho zoot\u00e9cnico, convers\u00e3o alimentar, taxa de mortalidade, quebra t\u00e9cnica e desvaloriza\u00e7\u00e3o de lotes armazenados.<\/span><\/p>\n<p><span style=\"font-weight: 400;\">O estresse t\u00e9rmico compromete efici\u00eancia produtiva, impacta o ganho m\u00e9dio di\u00e1rio (GMD), reduz a postura em aves e altera par\u00e2metros fisiol\u00f3gicos cr\u00edticos. Paralelamente, falhas no controle ambiental durante o <\/span><b>armazenamento de gr\u00e3os<\/b><span style=\"font-weight: 400;\"> favorecem atividade metab\u00f3lica indesejada, prolifera\u00e7\u00e3o f\u00fangica e perdas qualitativas que afetam peso, poder germinativo e classifica\u00e7\u00e3o comercial.<\/span><\/p>\n<p><span style=\"font-weight: 400;\">Neste contexto, a climatiza\u00e7\u00e3o deixa de ser um diferencial e passa a ser ferramenta estrat\u00e9gica de prote\u00e7\u00e3o de ativos biol\u00f3gicos e estocados, com impacto direto na margem operacional.<\/span><\/p>\n<h2><b>Estresse t\u00e9rmico na pecu\u00e1ria: impacto fisiol\u00f3gico e econ\u00f4mico<\/b><\/h2>\n<h3><b>Bovinos de corte e leite: queda de desempenho produtivo<\/b><\/h3>\n<p><span style=\"font-weight: 400;\">Em bovinos, o estresse t\u00e9rmico \u00e9 frequentemente monitorado pelo \u00cdndice de Temperatura e Umidade (ITU). Quando o ITU ultrapassa n\u00edveis cr\u00edticos, observa-se redu\u00e7\u00e3o no consumo de mat\u00e9ria seca (CMS), aumento da frequ\u00eancia respirat\u00f3ria e redirecionamento energ\u00e9tico para manuten\u00e7\u00e3o t\u00e9rmica, em detrimento da produ\u00e7\u00e3o.<\/span><\/p>\n<p><span style=\"font-weight: 400;\">No gado leiteiro, isso se traduz em redu\u00e7\u00e3o de litros\/vaca\/dia, piora na taxa de concep\u00e7\u00e3o e aumento no intervalo entre partos. No gado de corte, h\u00e1 queda no ganho de peso e piora na convers\u00e3o alimentar. Esses efeitos n\u00e3o s\u00e3o pontuais: mesmo exposi\u00e7\u00f5es intermitentes ao calor elevam o custo por arroba produzida.<\/span><\/p>\n<p><span style=\"font-weight: 400;\">Al\u00e9m disso, a imunossupress\u00e3o associada ao estresse t\u00e9rmico aumenta a incid\u00eancia de doen\u00e7as, elevando gastos veterin\u00e1rios e taxas de descarte precoce.<\/span><\/p>\n<h3><b>Avicultura: sensibilidade t\u00e9rmica e mortalidade<\/b><\/h3>\n<p><span style=\"font-weight: 400;\">Na avicultura industrial, a faixa de conforto t\u00e9rmico \u00e9 ainda mais estreita. Frangos de corte submetidos a temperaturas elevadas apresentam ofega\u00e7\u00e3o intensa, alcalose respirat\u00f3ria e queda no consumo de ra\u00e7\u00e3o. O resultado \u00e9 menor peso ao abate e pior uniformidade do lote.<\/span><\/p>\n<p><span style=\"font-weight: 400;\">Em poedeiras, o impacto inclui redu\u00e7\u00e3o na taxa de postura e piora na qualidade da casca, afetando diretamente o valor comercial do produto. Em situa\u00e7\u00f5es extremas, picos de calor podem gerar mortalidade significativa em poucas horas, especialmente em galp\u00f5es com ventila\u00e7\u00e3o insuficiente.<\/span><\/p>\n<p><span style=\"font-weight: 400;\">A climatiza\u00e7\u00e3o adequada, com controle de renova\u00e7\u00e3o de ar e redu\u00e7\u00e3o da temperatura efetiva, reduz perdas, melhora o desempenho zoot\u00e9cnico e estabiliza indicadores produtivos mesmo em per\u00edodos cr\u00edticos.<\/span><\/p>\n<h2><b>Ambi\u00eancia controlada: ferramenta de gest\u00e3o produtiva<\/b><\/h2>\n<h3><b>Controle t\u00e9rmico como estrat\u00e9gia de efici\u00eancia<\/b><\/h3>\n<p><span style=\"font-weight: 400;\">Em sistemas confinados ou semi-confinados, a ambi\u00eancia deve ser tratada como vari\u00e1vel de gest\u00e3o. O uso de climatizadores evaporativos de alta vaz\u00e3o, associados \u00e0 ventila\u00e7\u00e3o dimensionada corretamente, promove redu\u00e7\u00e3o da temperatura do ar e melhora da sensa\u00e7\u00e3o t\u00e9rmica.<\/span><\/p>\n<p><span style=\"font-weight: 400;\">Diferentemente da simples ventila\u00e7\u00e3o, a climatiza\u00e7\u00e3o evaporativa reduz a temperatura de bulbo seco, favorecendo a dissipa\u00e7\u00e3o de calor corporal dos animais. Isso impacta diretamente o balan\u00e7o t\u00e9rmico e reduz o esfor\u00e7o fisiol\u00f3gico para manuten\u00e7\u00e3o da homeotermia.<\/span><\/p>\n<p><span style=\"font-weight: 400;\">O resultado \u00e9 previsibilidade produtiva, especialmente em regi\u00f5es de clima quente ou durante o ver\u00e3o, quando oscila\u00e7\u00f5es t\u00e9rmicas s\u00e3o mais severas.<\/span><\/p>\n<h3><b>Redu\u00e7\u00e3o de perdas invis\u00edveis<\/b><\/h3>\n<p><span style=\"font-weight: 400;\">Grande parte das perdas associadas ao calor n\u00e3o aparece imediatamente nos relat\u00f3rios. Queda discreta no ganho m\u00e9dio di\u00e1rio, leve piora na convers\u00e3o alimentar ou redu\u00e7\u00e3o marginal na postura, quando acumuladas ao longo de um ciclo produtivo, representam valores expressivos.<\/span><\/p>\n<p><span style=\"font-weight: 400;\">A climatiza\u00e7\u00e3o atua como mitigador dessas perdas invis\u00edveis, protegendo a performance do plantel e reduzindo a variabilidade entre lotes.<\/span><\/p>\n<h2><b>Armazenamento de gr\u00e3os: riscos t\u00e9rmicos e degrada\u00e7\u00e3o qualitativa<\/b><\/h2>\n<p><span style=\"font-weight: 400;\">\u00a0<\/span><\/p>\n<h3><b>Temperatura, umidade e atividade biol\u00f3gica<\/b><\/h3>\n<p><span style=\"font-weight: 400;\">No <\/span><b>armazenamento de gr\u00e3os<\/b><span style=\"font-weight: 400;\">, temperatura elevada combinada com teor de umidade inadequado cria ambiente prop\u00edcio para atividade metab\u00f3lica residual e prolifera\u00e7\u00e3o de fungos e insetos. Mesmo ap\u00f3s a colheita, gr\u00e3os permanecem biologicamente ativos.<\/span><\/p>\n<p><span style=\"font-weight: 400;\">Sem controle t\u00e9rmico, ocorre aumento da respira\u00e7\u00e3o do gr\u00e3o, consumo de mat\u00e9ria seca e libera\u00e7\u00e3o de calor, formando pontos quentes (hot spots) que aceleram a deteriora\u00e7\u00e3o. Isso impacta diretamente peso hectol\u00edtrico, qualidade industrial e poder germinativo, no caso de sementes.<\/span><\/p>\n<p><span style=\"font-weight: 400;\">Portanto, climatiza\u00e7\u00e3o e controle ambiental n\u00e3o s\u00e3o apenas medidas preventivas, mas parte integrante da estrat\u00e9gia de gest\u00e3o no armazenamento de gr\u00e3os.<\/span><\/p>\n<h3><b>\u00a0Impacto financeiro da perda qualitativa<\/b><\/h3>\n<p><span style=\"font-weight: 400;\">Pequenas varia\u00e7\u00f5es na qualidade podem rebaixar a classifica\u00e7\u00e3o do lote, reduzindo o valor de comercializa\u00e7\u00e3o. Em sementes, a queda no vigor compromete \u00edndices de germina\u00e7\u00e3o e pode inviabilizar a venda como material certificado.<\/span><\/p>\n<p><span style=\"font-weight: 400;\">Al\u00e9m das perdas diretas, h\u00e1 riscos de contamina\u00e7\u00e3o por micotoxinas, que podem tornar o lote impr\u00f3prio para consumo humano ou animal, ampliando preju\u00edzos.<\/span><\/p>\n<p><span style=\"font-weight: 400;\">Ambientes climatizados e bem ventilados contribuem para estabilizar a massa armazenada, reduzir gradientes t\u00e9rmicos e minimizar riscos de deteriora\u00e7\u00e3o.<\/span><\/p>\n<h2><b>Climatiza\u00e7\u00e3o como prote\u00e7\u00e3o de ativos<\/b><\/h2>\n<h3><b>Pecu\u00e1ria: previsibilidade produtiva<\/b><\/h3>\n<p><span style=\"font-weight: 400;\">A ado\u00e7\u00e3o de climatizadores em galp\u00f5es, confinamentos e instala\u00e7\u00f5es av\u00edcolas deve ser analisada sob a \u00f3tica de retorno sobre investimento (ROI). A estabiliza\u00e7\u00e3o do desempenho zoot\u00e9cnico reduz variabilidade e facilita planejamento de abate, entrega e fluxo de caixa.<\/span><\/p>\n<p><span style=\"font-weight: 400;\">Al\u00e9m disso, melhora o bem-estar animal, fator cada vez mais observado em auditorias e protocolos de qualidade.<\/span><\/p>\n<h3><b>Armaz\u00e9ns e unidades de beneficiamento<\/b><\/h3>\n<p><span style=\"font-weight: 400;\">No contexto de <\/span><b>armazenamento de gr\u00e3os<\/b><span style=\"font-weight: 400;\">, sistemas de climatiza\u00e7\u00e3o e ventila\u00e7\u00e3o auxiliam na manuten\u00e7\u00e3o de condi\u00e7\u00f5es ambientais adequadas, complementando estrat\u00e9gias como aera\u00e7\u00e3o e monitoramento de temperatura.<\/span><\/p>\n<p><span style=\"font-weight: 400;\">O controle t\u00e9rmico do ambiente externo ao silo ou armaz\u00e9m reduz trocas indesejadas de calor e contribui para maior estabilidade da massa armazenada, especialmente em regi\u00f5es de altas temperaturas.<\/span><\/p>\n<div id=\"attachment_1154\" style=\"width: 1290px\" class=\"wp-caption alignnone\"><img loading=\"lazy\" decoding=\"async\" aria-describedby=\"caption-attachment-1154\" class=\"size-full wp-image-1154\" src=\"https:\/\/www.ecoclimas.com.br\/blog\/wp-content\/uploads\/2026\/03\/armazenamento.2.jpg\" alt=\"O estresse t\u00e9rmico afeta o armazenamento de gr\u00e3os \" width=\"1280\" height=\"853\" srcset=\"https:\/\/www.ecoclimas.com.br\/blog\/wp-content\/uploads\/2026\/03\/armazenamento.2.jpg 1280w, https:\/\/www.ecoclimas.com.br\/blog\/wp-content\/uploads\/2026\/03\/armazenamento.2-300x200.jpg 300w, https:\/\/www.ecoclimas.com.br\/blog\/wp-content\/uploads\/2026\/03\/armazenamento.2-1024x682.jpg 1024w, https:\/\/www.ecoclimas.com.br\/blog\/wp-content\/uploads\/2026\/03\/armazenamento.2-768x512.jpg 768w, https:\/\/www.ecoclimas.com.br\/blog\/wp-content\/uploads\/2026\/03\/armazenamento.2-1080x720.jpg 1080w\" sizes=\"auto, (max-width: 1280px) 100vw, 1280px\" \/><p id=\"caption-attachment-1154\" class=\"wp-caption-text\">Controle t\u00e9rmico no campo: proteger animais e o armazenamento de gr\u00e3os \u00e9 garantir mais produtividade e menos perdas.<\/p><\/div>\n<h2><b>Perguntas frequentes:<\/b><\/h2>\n<h3><b>Climatiza\u00e7\u00e3o substitui sistemas de aera\u00e7\u00e3o em silos?<\/b><\/h3>\n<p><span style=\"font-weight: 400;\">N\u00e3o. A climatiza\u00e7\u00e3o atua de forma complementar. A aera\u00e7\u00e3o controla a temperatura interna da massa de gr\u00e3os, enquanto a climatiza\u00e7\u00e3o do ambiente reduz carga t\u00e9rmica externa e contribui para maior estabilidade no <\/span><b>armazenamento de gr\u00e3os<\/b><span style=\"font-weight: 400;\">.<\/span><\/p>\n<h3><b>O investimento em climatizadores compensa em sistemas j\u00e1 consolidados?<\/b><\/h3>\n<p><span style=\"font-weight: 400;\">Em sistemas intensivos, mesmo pequenas melhorias em convers\u00e3o alimentar ou redu\u00e7\u00e3o de mortalidade geram impacto financeiro relevante. A an\u00e1lise deve considerar custo por cabe\u00e7a, ciclo produtivo e redu\u00e7\u00e3o de perdas associadas ao estresse t\u00e9rmico.<\/span><\/p>\n<h3><b>Existe risco de aumento excessivo de umidade com climatiza\u00e7\u00e3o evaporativa?<\/b><\/h3>\n<p><span style=\"font-weight: 400;\">O dimensionamento correto e a renova\u00e7\u00e3o adequada de ar s\u00e3o fundamentais. Em projetos bem planejados, o equil\u00edbrio entre redu\u00e7\u00e3o de temperatura e controle da umidade relativa \u00e9 mantido sem comprometer desempenho animal ou qualidade do <\/span><b>armazenamento de gr\u00e3os<\/b><span style=\"font-weight: 400;\">.<\/span><\/p>\n<h2><b>Climatiza\u00e7\u00e3o como estrat\u00e9gia de rentabilidade no campo<\/b><\/h2>\n<p><span style=\"font-weight: 400;\">O calor n\u00e3o \u00e9 apenas uma vari\u00e1vel clim\u00e1tica; \u00e9 um fator econ\u00f4mico. O estresse t\u00e9rmico compromete produtividade animal, aumenta custos operacionais e reduz margens. No p\u00f3s-colheita, temperaturas elevadas aceleram processos de deteriora\u00e7\u00e3o e ampliam riscos no <\/span><b>armazenamento de gr\u00e3os<\/b><span style=\"font-weight: 400;\">.<\/span><\/p>\n<p><span style=\"font-weight: 400;\">\u00a0<\/span><\/p>\n<p><span style=\"font-weight: 400;\">Produtores que tratam ambi\u00eancia e controle t\u00e9rmico como parte da estrat\u00e9gia de gest\u00e3o protegem seus ativos, como animais e estoques, e ganham previsibilidade operacional. Em um cen\u00e1rio de margens pressionadas e clima cada vez mais inst\u00e1vel, investir em climatiza\u00e7\u00e3o \u00e9, acima de tudo, investir na estabilidade da produ\u00e7\u00e3o e na sustentabilidade financeira do neg\u00f3cio rural.<\/span><\/p>\n<p><i><span style=\"font-weight: 400;\">Se o conte\u00fado contribuiu para sua an\u00e1lise t\u00e9cnica, acompanhe o <\/span><\/i><a href=\"https:\/\/www.ecoclimas.com.br\/blog\/\"><i><span style=\"font-weight: 400;\">blog<\/span><\/i><\/a><i><span style=\"font-weight: 400;\"> da Ecoclimas e siga nossas redes sociais para aprofundar estrat\u00e9gias de climatiza\u00e7\u00e3o aplicadas ao agroneg\u00f3cio.<\/span><\/i><\/p>\n","protected":false},"excerpt":{"rendered":"<p>A variabilidade clim\u00e1tica e o aumento recorrente de ondas de calor t\u00eam imposto desafios cada vez mais severos ao agroneg\u00f3cio brasileiro. Para quem j\u00e1 atua na pecu\u00e1ria intensiva ou no p\u00f3s-colheita, \u00e9 evidente que temperatura e umidade relativa do ar n\u00e3o s\u00e3o apenas vari\u00e1veis ambientais: s\u00e3o indicadores diretos de desempenho zoot\u00e9cnico, convers\u00e3o alimentar, taxa de [&hellip;]<\/p>\n","protected":false},"author":1,"featured_media":1153,"comment_status":"open","ping_status":"open","sticky":false,"template":"","format":"standard","meta":{"_et_pb_use_builder":"","_et_pb_old_content":"","_et_gb_content_width":"","footnotes":""},"categories":[2],"tags":[],"yst_prominent_words":[],"class_list":["post-1152","post","type-post","status-publish","format-standard","has-post-thumbnail","hentry","category-artigos","et-has-post-format-content","et_post_format-et-post-format-standard"],"_links":{"self":[{"href":"https:\/\/www.ecoclimas.com.br\/blog\/wp-json\/wp\/v2\/posts\/1152","targetHints":{"allow":["GET"]}}],"collection":[{"href":"https:\/\/www.ecoclimas.com.br\/blog\/wp-json\/wp\/v2\/posts"}],"about":[{"href":"https:\/\/www.ecoclimas.com.br\/blog\/wp-json\/wp\/v2\/types\/post"}],"author":[{"embeddable":true,"href":"https:\/\/www.ecoclimas.com.br\/blog\/wp-json\/wp\/v2\/users\/1"}],"replies":[{"embeddable":true,"href":"https:\/\/www.ecoclimas.com.br\/blog\/wp-json\/wp\/v2\/comments?post=1152"}],"version-history":[{"count":1,"href":"https:\/\/www.ecoclimas.com.br\/blog\/wp-json\/wp\/v2\/posts\/1152\/revisions"}],"predecessor-version":[{"id":1155,"href":"https:\/\/www.ecoclimas.com.br\/blog\/wp-json\/wp\/v2\/posts\/1152\/revisions\/1155"}],"wp:featuredmedia":[{"embeddable":true,"href":"https:\/\/www.ecoclimas.com.br\/blog\/wp-json\/wp\/v2\/media\/1153"}],"wp:attachment":[{"href":"https:\/\/www.ecoclimas.com.br\/blog\/wp-json\/wp\/v2\/media?parent=1152"}],"wp:term":[{"taxonomy":"category","embeddable":true,"href":"https:\/\/www.ecoclimas.com.br\/blog\/wp-json\/wp\/v2\/categories?post=1152"},{"taxonomy":"post_tag","embeddable":true,"href":"https:\/\/www.ecoclimas.com.br\/blog\/wp-json\/wp\/v2\/tags?post=1152"},{"taxonomy":"yst_prominent_words","embeddable":true,"href":"https:\/\/www.ecoclimas.com.br\/blog\/wp-json\/wp\/v2\/yst_prominent_words?post=1152"}],"curies":[{"name":"wp","href":"https:\/\/api.w.org\/{rel}","templated":true}]}}