{"id":1156,"date":"2026-02-23T12:46:08","date_gmt":"2026-02-23T15:46:08","guid":{"rendered":"https:\/\/www.ecoclimas.com.br\/blog\/?p=1156"},"modified":"2026-03-11T12:49:15","modified_gmt":"2026-03-11T15:49:15","slug":"aumentos-na-conta-de-luz-e-bandeiras-tarifarias-4-estrategias-para-blindar-o-fluxo-de-caixa-da-sua-industria","status":"publish","type":"post","link":"https:\/\/www.ecoclimas.com.br\/blog\/aumentos-na-conta-de-luz-e-bandeiras-tarifarias-4-estrategias-para-blindar-o-fluxo-de-caixa-da-sua-industria\/","title":{"rendered":"Aumentos na conta de luz e bandeiras tarif\u00e1rias: 4 estrat\u00e9gias para blindar o fluxo de caixa da sua ind\u00fastria"},"content":{"rendered":"<p><span style=\"font-weight: 400;\">Os <\/span><b>aumentos na conta de luz<\/b><span style=\"font-weight: 400;\"> deixaram de ser um evento pontual e passaram a compor o cen\u00e1rio estrutural de custos da ind\u00fastria brasileira. A volatilidade das bandeiras tarif\u00e1rias, a press\u00e3o h\u00eddrica sobre o sistema e os reajustes peri\u00f3dicos homologados pela Ag\u00eancia Nacional de Energia El\u00e9trica (ANEEL) impactam diretamente a previsibilidade financeira das opera\u00e7\u00f5es.<\/span><\/p>\n<p><span style=\"font-weight: 400;\">Para ind\u00fastrias eletrointensivas ou com forte depend\u00eancia de climatiza\u00e7\u00e3o, refrigera\u00e7\u00e3o e ventila\u00e7\u00e3o, o custo energ\u00e9tico representa parcela relevante do OPEX. Em muitos casos, supera despesas com manuten\u00e7\u00e3o preventiva ou contratos log\u00edsticos. Diante desse contexto, a gest\u00e3o energ\u00e9tica deixa de ser pauta operacional e passa a ser decis\u00e3o estrat\u00e9gica de prote\u00e7\u00e3o de margem.<\/span><\/p>\n<p><span style=\"font-weight: 400;\">Blindar o fluxo de caixa exige a\u00e7\u00f5es t\u00e9cnicas, estruturadas e integradas ao planejamento financeiro. A seguir, apresentamos quatro estrat\u00e9gias consistentes para mitigar o impacto dos aumentos na conta de luz e reduzir a exposi\u00e7\u00e3o \u00e0s bandeiras tarif\u00e1rias.<\/span><\/p>\n<h2><b>1. Gest\u00e3o ativa da demanda contratada e do perfil de carga<\/b><\/h2>\n<p><span style=\"font-weight: 400;\">\u00a0<\/span><\/p>\n<p><span style=\"font-weight: 400;\">Grande parte das ind\u00fastrias ainda opera com demanda contratada desatualizada frente ao seu perfil real de consumo. Esse desalinhamento gera dois problemas cl\u00e1ssicos: pagamento por demanda ociosa ou multas por ultrapassagem.<\/span><\/p>\n<h3><b>Auditoria energ\u00e9tica com foco em curva de carga<\/b><\/h3>\n<p><span style=\"font-weight: 400;\">A an\u00e1lise detalhada da curva de carga, com medi\u00e7\u00f5es em intervalos de 15 minutos (padr\u00e3o das distribuidoras), permite identificar picos concentrados e oportunidades de suaviza\u00e7\u00e3o. Equipamentos acionados simultaneamente, partidas diretas sem soft-starters ou aus\u00eancia de l\u00f3gica escalonada elevam a demanda m\u00e1xima medida.<\/span><\/p>\n<p><span style=\"font-weight: 400;\">A partir desses dados, \u00e9 poss\u00edvel:<\/span><\/p>\n<ul>\n<li style=\"font-weight: 400;\" aria-level=\"1\"><span style=\"font-weight: 400;\">Readequar a demanda contratada.<\/span><\/li>\n<li style=\"font-weight: 400;\" aria-level=\"1\"><span style=\"font-weight: 400;\">Implantar controle autom\u00e1tico de cargas n\u00e3o cr\u00edticas.<\/span><\/li>\n<li style=\"font-weight: 400;\" aria-level=\"1\"><span style=\"font-weight: 400;\">Avaliar a viabilidade de bancos de capacitores para corre\u00e7\u00e3o do fator de pot\u00eancia.<\/span><\/li>\n<\/ul>\n<h3><b>Otimiza\u00e7\u00e3o do fator de pot\u00eancia<\/b><\/h3>\n<p><span style=\"font-weight: 400;\">Ind\u00fastrias com baixo fator de pot\u00eancia pagam excedente de energia reativa. Al\u00e9m de multas, isso contribui para maior carregamento do sistema interno. A corre\u00e7\u00e3o t\u00e9cnica, com bancos autom\u00e1ticos bem dimensionados, reduz penalidades e melhora a efici\u00eancia global da instala\u00e7\u00e3o.<\/span><\/p>\n<p><span style=\"font-weight: 400;\">Essa etapa, embora n\u00e3o elimine os <\/span><b>aumentos na conta de luz<\/b><span style=\"font-weight: 400;\">, reduz desperd\u00edcios invis\u00edveis que comprometem o fluxo de caixa.<\/span><\/p>\n<h2><b>2. Migra\u00e7\u00e3o para o mercado livre de energia<\/b><\/h2>\n<p><span style=\"font-weight: 400;\">Para unidades consumidoras do Grupo A (m\u00e9dia e alta tens\u00e3o), a migra\u00e7\u00e3o para o Ambiente de Contrata\u00e7\u00e3o Livre (ACL) pode representar economia significativa no custo da energia.<\/span><\/p>\n<h3><b>Estrutura do ACL e previsibilidade tarif\u00e1ria<\/b><\/h3>\n<p><span style=\"font-weight: 400;\">No mercado livre, a ind\u00fastria negocia diretamente com comercializadoras, definindo pre\u00e7o, prazo e indexadores contratuais. Isso permite maior previsibilidade, reduzindo a exposi\u00e7\u00e3o direta \u00e0s bandeiras tarif\u00e1rias aplicadas no mercado cativo.<\/span><\/p>\n<p><span style=\"font-weight: 400;\">Al\u00e9m disso, contratos estruturados podem incluir:<\/span><\/p>\n<ul>\n<li style=\"font-weight: 400;\" aria-level=\"1\"><span style=\"font-weight: 400;\">Flexibilidade de sazonalidade.<\/span><\/li>\n<li style=\"font-weight: 400;\" aria-level=\"1\"><span style=\"font-weight: 400;\">Mecanismos de hedge energ\u00e9tico.<\/span><\/li>\n<li style=\"font-weight: 400;\" aria-level=\"1\"><span style=\"font-weight: 400;\">Indexa\u00e7\u00e3o parcial a indicadores inflacion\u00e1rios.<\/span><\/li>\n<\/ul>\n<h3><b>An\u00e1lise de viabilidade t\u00e9cnica e regulat\u00f3ria<\/b><\/h3>\n<p><span style=\"font-weight: 400;\">A migra\u00e7\u00e3o exige estudo detalhado de:<\/span><\/p>\n<ul>\n<li style=\"font-weight: 400;\" aria-level=\"1\"><span style=\"font-weight: 400;\">Demanda m\u00ednima exigida.<\/span><\/li>\n<li style=\"font-weight: 400;\" aria-level=\"1\"><span style=\"font-weight: 400;\">Custos de uso do sistema de distribui\u00e7\u00e3o (TUSD).<\/span><\/li>\n<li style=\"font-weight: 400;\" aria-level=\"1\"><span style=\"font-weight: 400;\">Perfil hor\u00e1rio de consumo.<\/span><\/li>\n<li style=\"font-weight: 400;\" aria-level=\"1\"><span style=\"font-weight: 400;\">Encargos setoriais.<\/span><\/li>\n<\/ul>\n<p><span style=\"font-weight: 400;\">\u00a0<\/span><\/p>\n<p><span style=\"font-weight: 400;\">Sem essa modelagem, a economia pode n\u00e3o se concretizar. Portanto, trata-se de uma decis\u00e3o t\u00e9cnica, n\u00e3o apenas comercial.<\/span><\/p>\n<h2><b>3. Gera\u00e7\u00e3o distribu\u00edda e autoprodu\u00e7\u00e3o<\/b><\/h2>\n<p><span style=\"font-weight: 400;\">Outra estrat\u00e9gia relevante para enfrentar os <\/span><b>aumentos na conta de luz<\/b><span style=\"font-weight: 400;\"> \u00e9 investir em gera\u00e7\u00e3o pr\u00f3pria, especialmente por meio de sistemas fotovoltaicos.<\/span><\/p>\n<h3><b>Gera\u00e7\u00e3o distribu\u00edda on-site<\/b><\/h3>\n<p><span style=\"font-weight: 400;\">Instala\u00e7\u00f5es solares em telhados industriais ou \u00e1reas ociosas reduzem a energia faturada da concession\u00e1ria. Embora n\u00e3o eliminem completamente encargos e demanda contratada, diminuem o volume de energia ativa consumida da rede.<\/span><\/p>\n<p><span style=\"font-weight: 400;\">\u00c9 essencial considerar:<\/span><\/p>\n<ul>\n<li style=\"font-weight: 400;\" aria-level=\"1\"><span style=\"font-weight: 400;\">Payback ajustado \u00e0 taxa interna de retorno (TIR).<\/span><\/li>\n<li style=\"font-weight: 400;\" aria-level=\"1\"><span style=\"font-weight: 400;\">Vida \u00fatil dos m\u00f3dulos e inversores.<\/span><\/li>\n<li style=\"font-weight: 400;\" aria-level=\"1\"><span style=\"font-weight: 400;\">Regime de compensa\u00e7\u00e3o vigente.<\/span><\/li>\n<li style=\"font-weight: 400;\" aria-level=\"1\"><span style=\"font-weight: 400;\">Impacto tribut\u00e1rio.<\/span><\/li>\n<\/ul>\n<h3><b>Autoprodu\u00e7\u00e3o por equipara\u00e7\u00e3o<\/b><\/h3>\n<p><span style=\"font-weight: 400;\">Em casos de maior porte, a ind\u00fastria pode estruturar projetos de autoprodu\u00e7\u00e3o com participa\u00e7\u00e3o societ\u00e1ria em usinas remotas. Essa modalidade requer an\u00e1lise jur\u00eddica e regulat\u00f3ria mais robusta, mas amplia o potencial de redu\u00e7\u00e3o estrutural de custos energ\u00e9ticos.<\/span><\/p>\n<h2><b>4. Efici\u00eancia energ\u00e9tica aplicada \u00e0 climatiza\u00e7\u00e3o industrial<\/b><\/h2>\n<p><span style=\"font-weight: 400;\">Em muitos segmentos, como alimentos, log\u00edstica, farmac\u00eautico, metalurgia e centros de distribui\u00e7\u00e3o, a climatiza\u00e7\u00e3o representa uma das maiores cargas el\u00e9tricas da planta.<\/span><\/p>\n<h3><b>Climatiza\u00e7\u00e3o evaporativa como alternativa de baixo consumo<\/b><\/h3>\n<p><span style=\"font-weight: 400;\">Sistemas tradicionais de ar-condicionado por compress\u00e3o utilizam compressores de alta pot\u00eancia, elevando significativamente a demanda instalada. J\u00e1 a climatiza\u00e7\u00e3o evaporativa opera com motores de ventila\u00e7\u00e3o e bombas de baixo consumo, reduzindo drasticamente a pot\u00eancia el\u00e9trica requerida.<\/span><\/p>\n<p><span style=\"font-weight: 400;\">\u00c9 nesse ponto que a Ecoclimas se posiciona como solu\u00e7\u00e3o estrat\u00e9gica. Ao substituir sistemas convencionais por climatizadores evaporativos industriais, \u00e9 poss\u00edvel alcan\u00e7ar economia de at\u00e9 90% no consumo energ\u00e9tico destinado \u00e0 climatiza\u00e7\u00e3o, dependendo do layout e das condi\u00e7\u00f5es operacionais.<\/span><\/p>\n<p><span style=\"font-weight: 400;\">Essa redu\u00e7\u00e3o impacta diretamente:<\/span><\/p>\n<ul>\n<li style=\"font-weight: 400;\" aria-level=\"1\"><span style=\"font-weight: 400;\">A demanda m\u00e1xima registrada.<\/span><\/li>\n<li style=\"font-weight: 400;\" aria-level=\"1\"><span style=\"font-weight: 400;\">O consumo em kWh faturado.<\/span><\/li>\n<li style=\"font-weight: 400;\" aria-level=\"1\"><span style=\"font-weight: 400;\">A exposi\u00e7\u00e3o aos <\/span><b>aumentos na conta de luz<\/b><span style=\"font-weight: 400;\">.<\/span><\/li>\n<\/ul>\n<h3><b>Redu\u00e7\u00e3o indireta de custos operacionais<\/b><\/h3>\n<p><span style=\"font-weight: 400;\">Al\u00e9m da economia direta de energia, a climatiza\u00e7\u00e3o eficiente contribui para:<\/span><\/p>\n<p><span style=\"font-weight: 400;\">\u00a0<\/span><\/p>\n<ul>\n<li style=\"font-weight: 400;\" aria-level=\"1\"><span style=\"font-weight: 400;\">Melhoria do conforto t\u00e9rmico e produtividade.<\/span><\/li>\n<li style=\"font-weight: 400;\" aria-level=\"1\"><span style=\"font-weight: 400;\">Redu\u00e7\u00e3o de absente\u00edsmo.<\/span><\/li>\n<li style=\"font-weight: 400;\" aria-level=\"1\"><span style=\"font-weight: 400;\">Menor sobrecarga t\u00e9rmica em m\u00e1quinas e pain\u00e9is el\u00e9tricos.<\/span><\/li>\n<\/ul>\n<p><span style=\"font-weight: 400;\">Em ambientes industriais, o estresse t\u00e9rmico afeta n\u00e3o apenas pessoas, mas equipamentos. A estabiliza\u00e7\u00e3o da temperatura interna reduz falhas prematuras e custos de manuten\u00e7\u00e3o corretiva.<\/span><\/p>\n<div id=\"attachment_1158\" style=\"width: 558px\" class=\"wp-caption alignnone\"><img loading=\"lazy\" decoding=\"async\" aria-describedby=\"caption-attachment-1158\" class=\"size-full wp-image-1158\" src=\"https:\/\/www.ecoclimas.com.br\/blog\/wp-content\/uploads\/2026\/03\/aumentosdacontadeluz.2.jpg\" alt=\"Climatizador para diminuir os aumentos na conta de luz \" width=\"548\" height=\"399\" srcset=\"https:\/\/www.ecoclimas.com.br\/blog\/wp-content\/uploads\/2026\/03\/aumentosdacontadeluz.2.jpg 548w, https:\/\/www.ecoclimas.com.br\/blog\/wp-content\/uploads\/2026\/03\/aumentosdacontadeluz.2-300x218.jpg 300w\" sizes=\"auto, (max-width: 548px) 100vw, 548px\" \/><p id=\"caption-attachment-1158\" class=\"wp-caption-text\">Com os aumentos na conta de luz e as bandeiras tarif\u00e1rias, investir em efici\u00eancia energ\u00e9tica \u00e9 essencial para proteger o fluxo de caixa da ind\u00fastria.<\/p><\/div>\n<h2><b>Perguntas Frequentes:<\/b><\/h2>\n<h3><b>As bandeiras tarif\u00e1rias impactam todas as ind\u00fastrias da mesma forma?<\/b><\/h3>\n<p><span style=\"font-weight: 400;\">N\u00e3o. O impacto varia conforme o grupo tarif\u00e1rio, n\u00edvel de tens\u00e3o e modalidade contratual. Consumidores do mercado cativo sofrem aplica\u00e7\u00e3o direta das bandeiras, enquanto no mercado livre o efeito \u00e9 indireto, via custo de gera\u00e7\u00e3o e PLD (Pre\u00e7o de Liquida\u00e7\u00e3o das Diferen\u00e7as).<\/span><\/p>\n<h3><b>\u00c9 poss\u00edvel reduzir custos mesmo sem migrar para o mercado livre?<\/b><\/h3>\n<p><span style=\"font-weight: 400;\">Sim. A otimiza\u00e7\u00e3o da demanda contratada, corre\u00e7\u00e3o do fator de pot\u00eancia, gest\u00e3o de cargas e investimento em efici\u00eancia energ\u00e9tica, especialmente na climatiza\u00e7\u00e3o, podem gerar redu\u00e7\u00f5es relevantes sem altera\u00e7\u00e3o do modelo de contrata\u00e7\u00e3o.<\/span><\/p>\n<p><span style=\"font-weight: 400;\">\u00a0<\/span><\/p>\n<h3><b>A substitui\u00e7\u00e3o do ar-condicionado convencional por climatiza\u00e7\u00e3o evaporativa \u00e9 vi\u00e1vel em qualquer ind\u00fastria?<\/b><\/h3>\n<p><span style=\"font-weight: 400;\">N\u00e3o em todos os casos. A viabilidade depende de fatores como carga t\u00e9rmica, renova\u00e7\u00e3o de ar necess\u00e1ria, n\u00edvel de umidade aceit\u00e1vel e caracter\u00edsticas construtivas do galp\u00e3o. Um estudo t\u00e9cnico \u00e9 indispens\u00e1vel para garantir desempenho adequado e economia real.<\/span><\/p>\n<h2><b>Energia como vari\u00e1vel estrat\u00e9gica de margem<\/b><\/h2>\n<p><span style=\"font-weight: 400;\">Os <\/span><b>aumentos na conta de luz<\/b><span style=\"font-weight: 400;\"> n\u00e3o s\u00e3o um evento isolado, mas uma vari\u00e1vel estrutural que exige resposta estrat\u00e9gica. Ind\u00fastrias que tratam energia apenas como despesa cont\u00e1bil perdem competitividade. As que incorporam gest\u00e3o energ\u00e9tica ao planejamento financeiro transformam custo fixo em vantagem operacional.<\/span><\/p>\n<p><span style=\"font-weight: 400;\">A blindagem do fluxo de caixa passa por quatro pilares: gest\u00e3o ativa da demanda, migra\u00e7\u00e3o inteligente para o mercado livre, gera\u00e7\u00e3o pr\u00f3pria e efici\u00eancia energ\u00e9tica aplicada aos principais centros de consumo, com destaque para a climatiza\u00e7\u00e3o.<\/span><\/p>\n<p><span style=\"font-weight: 400;\">Ao reduzir drasticamente o consumo el\u00e9trico destinado ao controle t\u00e9rmico, solu\u00e7\u00f5es como as da Ecoclimas deixam de ser apenas investimento operacional e passam a atuar como ferramenta financeira. Em um cen\u00e1rio de bandeiras tarif\u00e1rias inst\u00e1veis e press\u00e3o constante sobre tarifas, efici\u00eancia energ\u00e9tica n\u00e3o \u00e9 mais diferencial, \u00e9 estrat\u00e9gia de sobreviv\u00eancia industrial.<\/span><\/p>\n<p><i><span style=\"font-weight: 400;\">Gostou do conte\u00fado? Compartilhe com outros empres\u00e1rios, acompanhe o <\/span><\/i><a href=\"https:\/\/www.ecoclimas.com.br\/blog\/\"><i><span style=\"font-weight: 400;\">blog<\/span><\/i><\/a><i><span style=\"font-weight: 400;\"> da Ecoclimas e siga nossas redes sociais para mais dicas sobre economia e efici\u00eancia energ\u00e9tica.<\/span><\/i><\/p>\n","protected":false},"excerpt":{"rendered":"<p>Os aumentos na conta de luz deixaram de ser um evento pontual e passaram a compor o cen\u00e1rio estrutural de custos da ind\u00fastria brasileira. A volatilidade das bandeiras tarif\u00e1rias, a press\u00e3o h\u00eddrica sobre o sistema e os reajustes peri\u00f3dicos homologados pela Ag\u00eancia Nacional de Energia El\u00e9trica (ANEEL) impactam diretamente a previsibilidade financeira das opera\u00e7\u00f5es. Para [&hellip;]<\/p>\n","protected":false},"author":1,"featured_media":1157,"comment_status":"open","ping_status":"open","sticky":false,"template":"","format":"standard","meta":{"_et_pb_use_builder":"","_et_pb_old_content":"","_et_gb_content_width":"","footnotes":""},"categories":[2],"tags":[],"yst_prominent_words":[],"class_list":["post-1156","post","type-post","status-publish","format-standard","has-post-thumbnail","hentry","category-artigos","et-has-post-format-content","et_post_format-et-post-format-standard"],"_links":{"self":[{"href":"https:\/\/www.ecoclimas.com.br\/blog\/wp-json\/wp\/v2\/posts\/1156","targetHints":{"allow":["GET"]}}],"collection":[{"href":"https:\/\/www.ecoclimas.com.br\/blog\/wp-json\/wp\/v2\/posts"}],"about":[{"href":"https:\/\/www.ecoclimas.com.br\/blog\/wp-json\/wp\/v2\/types\/post"}],"author":[{"embeddable":true,"href":"https:\/\/www.ecoclimas.com.br\/blog\/wp-json\/wp\/v2\/users\/1"}],"replies":[{"embeddable":true,"href":"https:\/\/www.ecoclimas.com.br\/blog\/wp-json\/wp\/v2\/comments?post=1156"}],"version-history":[{"count":1,"href":"https:\/\/www.ecoclimas.com.br\/blog\/wp-json\/wp\/v2\/posts\/1156\/revisions"}],"predecessor-version":[{"id":1159,"href":"https:\/\/www.ecoclimas.com.br\/blog\/wp-json\/wp\/v2\/posts\/1156\/revisions\/1159"}],"wp:featuredmedia":[{"embeddable":true,"href":"https:\/\/www.ecoclimas.com.br\/blog\/wp-json\/wp\/v2\/media\/1157"}],"wp:attachment":[{"href":"https:\/\/www.ecoclimas.com.br\/blog\/wp-json\/wp\/v2\/media?parent=1156"}],"wp:term":[{"taxonomy":"category","embeddable":true,"href":"https:\/\/www.ecoclimas.com.br\/blog\/wp-json\/wp\/v2\/categories?post=1156"},{"taxonomy":"post_tag","embeddable":true,"href":"https:\/\/www.ecoclimas.com.br\/blog\/wp-json\/wp\/v2\/tags?post=1156"},{"taxonomy":"yst_prominent_words","embeddable":true,"href":"https:\/\/www.ecoclimas.com.br\/blog\/wp-json\/wp\/v2\/yst_prominent_words?post=1156"}],"curies":[{"name":"wp","href":"https:\/\/api.w.org\/{rel}","templated":true}]}}