{"id":1160,"date":"2026-03-09T12:49:49","date_gmt":"2026-03-09T15:49:49","guid":{"rendered":"https:\/\/www.ecoclimas.com.br\/blog\/?p=1160"},"modified":"2026-03-11T12:55:15","modified_gmt":"2026-03-11T15:55:15","slug":"nr-17-e-climatizacao-um-checklist-pratico-para-adequar-sua-empresa-as-normas-de-conforto-termico","status":"publish","type":"post","link":"https:\/\/www.ecoclimas.com.br\/blog\/nr-17-e-climatizacao-um-checklist-pratico-para-adequar-sua-empresa-as-normas-de-conforto-termico\/","title":{"rendered":"NR-17 e climatiza\u00e7\u00e3o: Um checklist pr\u00e1tico para adequar sua empresa \u00e0s normas de conforto t\u00e9rmico"},"content":{"rendered":"<p><span style=\"font-weight: 400;\">A adequa\u00e7\u00e3o \u00e0s exig\u00eancias da <\/span><b>NR-17<\/b><span style=\"font-weight: 400;\"> n\u00e3o pode ser tratada como um item secund\u00e1rio dentro da gest\u00e3o de Sa\u00fade e Seguran\u00e7a do Trabalho (SST). Para ind\u00fastrias, centros log\u00edsticos, varejo atacadista e ambientes corporativos com grande carga t\u00e9rmica interna, o conforto t\u00e9rmico \u00e9 vari\u00e1vel cr\u00edtica de produtividade, seguran\u00e7a operacional e passivo trabalhista.<\/span><\/p>\n<p><span style=\"font-weight: 400;\">A climatiza\u00e7\u00e3o adequada n\u00e3o se resume \u00e0 instala\u00e7\u00e3o de equipamentos: envolve diagn\u00f3stico t\u00e9cnico, par\u00e2metros normativos, integra\u00e7\u00e3o com o PGR (Programa de Gerenciamento de Riscos) e documenta\u00e7\u00e3o compat\u00edvel com auditorias e fiscaliza\u00e7\u00f5es. A seguir, apresentamos um checklist pr\u00e1tico e t\u00e9cnico para orientar empresas que precisam se adequar \u00e0 NR-17 de forma estruturada, e como a climatiza\u00e7\u00e3o evaporativa pode ser parte estrat\u00e9gica dessa conformidade.<\/span><\/p>\n<h2><b>O que a NR-17 exige em rela\u00e7\u00e3o ao conforto t\u00e9rmico<\/b><\/h2>\n<p><span style=\"font-weight: 400;\">A <\/span><b>Norma Regulamentadora n\u00ba 17<\/b><span style=\"font-weight: 400;\"> estabelece diretrizes para adapta\u00e7\u00e3o das condi\u00e7\u00f5es de trabalho \u00e0s caracter\u00edsticas psicofisiol\u00f3gicas dos trabalhadores. No que se refere ao conforto t\u00e9rmico, a norma determina que os ambientes devem proporcionar condi\u00e7\u00f5es adequadas de temperatura, velocidade do ar e umidade, de modo a n\u00e3o causar desconforto ou preju\u00edzo \u00e0 sa\u00fade.<\/span><\/p>\n<p>&nbsp;<\/p>\n<p><span style=\"font-weight: 400;\">Embora a <\/span><b>NR-17<\/b><span style=\"font-weight: 400;\"> n\u00e3o determine valores fixos universais para todos os setores, ela remete a par\u00e2metros t\u00e9cnicos reconhecidos, como normas da ABNT e refer\u00eancias internacionais (ex.: \u00edndices de conforto t\u00e9rmico como PMV\/PPD). Em ambientes administrativos climatizados artificialmente, usualmente se considera faixa de temperatura entre 20 \u00b0C e 23 \u00b0C, com umidade relativa do ar entre 40% e 60%, conforme boas pr\u00e1ticas t\u00e9cnicas.<\/span><\/p>\n<p><span style=\"font-weight: 400;\">J\u00e1 em ambientes industriais, a an\u00e1lise deve considerar:<\/span><\/p>\n<ul>\n<li style=\"font-weight: 400;\" aria-level=\"1\"><span style=\"font-weight: 400;\">Carga t\u00e9rmica interna (m\u00e1quinas, fornos, ilumina\u00e7\u00e3o);<\/span><\/li>\n<li style=\"font-weight: 400;\" aria-level=\"1\"><span style=\"font-weight: 400;\">Ganhos t\u00e9rmicos por radia\u00e7\u00e3o solar;<\/span><\/li>\n<li style=\"font-weight: 400;\" aria-level=\"1\"><span style=\"font-weight: 400;\">Renova\u00e7\u00e3o de ar e exaust\u00e3o;<\/span><\/li>\n<li style=\"font-weight: 400;\" aria-level=\"1\"><span style=\"font-weight: 400;\">Atividade metab\u00f3lica dos trabalhadores;<\/span><\/li>\n<li style=\"font-weight: 400;\" aria-level=\"1\"><span style=\"font-weight: 400;\">Uso de EPIs que influenciem a dissipa\u00e7\u00e3o t\u00e9rmica.<\/span><\/li>\n<\/ul>\n<p><span style=\"font-weight: 400;\">Ou seja, a conformidade com a NR-17 exige abordagem t\u00e9cnica personalizada, n\u00e3o solu\u00e7\u00f5es padronizadas.<\/span><\/p>\n<h2><b>Checklist t\u00e9cnico para adequa\u00e7\u00e3o \u00e0 NR-17<\/b><\/h2>\n<h3><b>1. Realizar diagn\u00f3stico t\u00e9rmico com base em dados mensur\u00e1veis<\/b><\/h3>\n<p><span style=\"font-weight: 400;\">O primeiro passo \u00e9 abandonar a percep\u00e7\u00e3o subjetiva de calor e adotar medi\u00e7\u00f5es instrumentais. Termo-higr\u00f4metros calibrados, anem\u00f4metros e, quando necess\u00e1rio, medidores de IBUTG (\u00cdndice de Bulbo \u00damido Term\u00f4metro de Globo) devem compor a avalia\u00e7\u00e3o.<\/span><\/p>\n<p><span style=\"font-weight: 400;\">A an\u00e1lise deve mapear:<\/span><\/p>\n<ul>\n<li style=\"font-weight: 400;\" aria-level=\"1\"><span style=\"font-weight: 400;\">Temperatura do ar (TBS);<\/span><\/li>\n<li style=\"font-weight: 400;\" aria-level=\"1\"><span style=\"font-weight: 400;\">Umidade relativa;<\/span><\/li>\n<li style=\"font-weight: 400;\" aria-level=\"1\"><span style=\"font-weight: 400;\">Velocidade do ar;<\/span><\/li>\n<li style=\"font-weight: 400;\" aria-level=\"1\"><span style=\"font-weight: 400;\">Temperatura radiante m\u00e9dia.<\/span><\/li>\n<\/ul>\n<p><span style=\"font-weight: 400;\">Esse levantamento subsidia o Laudo Ergon\u00f4mico e fundamenta tecnicamente as a\u00e7\u00f5es corretivas previstas no PGR. Sem dados objetivos, n\u00e3o h\u00e1 sustenta\u00e7\u00e3o t\u00e9cnica para comprovar adequa\u00e7\u00e3o \u00e0 <\/span><b>NR-17<\/b><span style=\"font-weight: 400;\">.<\/span><\/p>\n<h3><b>2. Classificar as atividades segundo a carga metab\u00f3lica<\/b><\/h3>\n<p><span style=\"font-weight: 400;\">Ambientes com atividades leves (escrit\u00f3rios, \u00e1reas administrativas) demandam par\u00e2metros distintos daqueles com atividades moderadas ou pesadas (linha de produ\u00e7\u00e3o, carga e descarga, fundi\u00e7\u00f5es).<\/span><\/p>\n<p><span style=\"font-weight: 400;\">A taxa metab\u00f3lica impacta diretamente a sensa\u00e7\u00e3o t\u00e9rmica. Em opera\u00e7\u00f5es industriais com esfor\u00e7o f\u00edsico cont\u00ednuo, pequenas varia\u00e7\u00f5es de temperatura podem representar grande impacto fisiol\u00f3gico, aumentando fadiga, risco de erro operacional e acidentes.<\/span><\/p>\n<p><span style=\"font-weight: 400;\">A adequa\u00e7\u00e3o \u00e0 NR-17 exige compatibilizar condi\u00e7\u00f5es ambientais com o tipo de atividade exercida, e n\u00e3o apenas com a estrutura f\u00edsica do espa\u00e7o.<\/span><\/p>\n<h3><b>3. Avaliar ventila\u00e7\u00e3o e renova\u00e7\u00e3o de ar<\/b><\/h3>\n<p><span style=\"font-weight: 400;\">\u00a0<\/span><\/p>\n<p><span style=\"font-weight: 400;\">N\u00e3o basta reduzir temperatura: \u00e9 essencial garantir renova\u00e7\u00e3o adequada do ar interno. Ambientes confinados com baixa troca de ar tendem a acumular calor sens\u00edvel, contaminantes e umidade excessiva.<\/span><\/p>\n<p><span style=\"font-weight: 400;\">Projetos de climatiza\u00e7\u00e3o devem considerar:<\/span><\/p>\n<ul>\n<li style=\"font-weight: 400;\" aria-level=\"1\"><span style=\"font-weight: 400;\">Vaz\u00e3o de ar necess\u00e1ria (m\u00b3\/h);<\/span><\/li>\n<li style=\"font-weight: 400;\" aria-level=\"1\"><span style=\"font-weight: 400;\">Taxa de renova\u00e7\u00e3o por hora (ACH);<\/span><\/li>\n<li style=\"font-weight: 400;\" aria-level=\"1\"><span style=\"font-weight: 400;\">Posicionamento estrat\u00e9gico de insuflamento e exaust\u00e3o;<\/span><\/li>\n<li style=\"font-weight: 400;\" aria-level=\"1\"><span style=\"font-weight: 400;\">Pressuriza\u00e7\u00e3o adequada para evitar zonas de estagna\u00e7\u00e3o.<\/span><\/li>\n<\/ul>\n<p><span style=\"font-weight: 400;\">Climatizadores evaporativos, quando corretamente dimensionados, promovem grande volume de ar renovado continuamente, contribuindo para atender aos requisitos de conforto t\u00e9rmico previstos na <\/span><b>NR-17<\/b><span style=\"font-weight: 400;\">, especialmente em galp\u00f5es industriais.<\/span><\/p>\n<h3><b>4. Dimensionar o sistema de climatiza\u00e7\u00e3o com base na carga t\u00e9rmica real<\/b><\/h3>\n<p><span style=\"font-weight: 400;\">O erro mais comum \u00e9 dimensionar equipamentos por metragem quadrada, ignorando vari\u00e1veis como:<\/span><\/p>\n<ul>\n<li style=\"font-weight: 400;\" aria-level=\"1\"><span style=\"font-weight: 400;\">P\u00e9-direito elevado;<\/span><\/li>\n<li style=\"font-weight: 400;\" aria-level=\"1\"><span style=\"font-weight: 400;\">Telhas met\u00e1licas com alta absor\u00e7\u00e3o t\u00e9rmica;<\/span><\/li>\n<li style=\"font-weight: 400;\" aria-level=\"1\"><span style=\"font-weight: 400;\">M\u00e1quinas que geram calor constante;<\/span><\/li>\n<li style=\"font-weight: 400;\" aria-level=\"1\"><span style=\"font-weight: 400;\">N\u00famero de colaboradores por turno.<\/span><\/li>\n<\/ul>\n<p><span style=\"font-weight: 400;\">O c\u00e1lculo da carga t\u00e9rmica deve considerar ganhos por condu\u00e7\u00e3o, convec\u00e7\u00e3o e radia\u00e7\u00e3o. Em muitos casos industriais, a climatiza\u00e7\u00e3o evaporativa apresenta melhor rela\u00e7\u00e3o custo-benef\u00edcio energ\u00e9tico quando comparada a sistemas de expans\u00e3o direta, principalmente em ambientes amplos e parcialmente abertos.<\/span><\/p>\n<p><span style=\"font-weight: 400;\">Para estar em conformidade com a NR-17, a empresa precisa demonstrar que adotou solu\u00e7\u00e3o tecnicamente adequada, e n\u00e3o apenas economicamente conveniente.<\/span><\/p>\n<h3><b>5. Formalizar a adequa\u00e7\u00e3o documental<\/b><\/h3>\n<p><span style=\"font-weight: 400;\">A adequa\u00e7\u00e3o f\u00edsica precisa estar refletida na documenta\u00e7\u00e3o:<\/span><\/p>\n<ul>\n<li style=\"font-weight: 400;\" aria-level=\"1\"><span style=\"font-weight: 400;\">Atualiza\u00e7\u00e3o do Laudo Ergon\u00f4mico;<\/span><\/li>\n<li style=\"font-weight: 400;\" aria-level=\"1\"><span style=\"font-weight: 400;\">Integra\u00e7\u00e3o com o PGR;<\/span><\/li>\n<li style=\"font-weight: 400;\" aria-level=\"1\"><span style=\"font-weight: 400;\">Registro de medi\u00e7\u00f5es peri\u00f3dicas;<\/span><\/li>\n<li style=\"font-weight: 400;\" aria-level=\"1\"><span style=\"font-weight: 400;\">Procedimentos de manuten\u00e7\u00e3o preventiva.<\/span><\/li>\n<\/ul>\n<p><span style=\"font-weight: 400;\">Auditores fiscais e peritos trabalhistas avaliam evid\u00eancias t\u00e9cnicas, n\u00e3o apenas a exist\u00eancia de equipamentos instalados. A manuten\u00e7\u00e3o preventiva dos climatizadores tamb\u00e9m deve ser documentada, garantindo desempenho cont\u00ednuo e par\u00e2metros est\u00e1veis.<\/span><\/p>\n<h2><b>Climatiza\u00e7\u00e3o evaporativa como estrat\u00e9gia t\u00e9cnica de adequa\u00e7\u00e3o<\/b><\/h2>\n<p><span style=\"font-weight: 400;\">A climatiza\u00e7\u00e3o evaporativa opera pelo princ\u00edpio f\u00edsico de resfriamento adiab\u00e1tico, reduzindo a temperatura do ar por meio da evapora\u00e7\u00e3o da \u00e1gua, com baixo consumo energ\u00e9tico. Em ambientes industriais, seu diferencial est\u00e1 na alta vaz\u00e3o de ar e na renova\u00e7\u00e3o constante.<\/span><\/p>\n<p><span style=\"font-weight: 400;\">\u00a0<\/span><\/p>\n<p><span style=\"font-weight: 400;\">Para empresas que buscam atender \u00e0 <\/span><b>NR-17<\/b><span style=\"font-weight: 400;\"> com efici\u00eancia energ\u00e9tica, os climatizadores evaporativos oferecem:<\/span><\/p>\n<ul>\n<li style=\"font-weight: 400;\" aria-level=\"1\"><span style=\"font-weight: 400;\">Redu\u00e7\u00e3o significativa da temperatura interna em ambientes com grande volume;<\/span><\/li>\n<li style=\"font-weight: 400;\" aria-level=\"1\"><span style=\"font-weight: 400;\">Renova\u00e7\u00e3o cont\u00ednua do ar;<\/span><\/li>\n<li style=\"font-weight: 400;\" aria-level=\"1\"><span style=\"font-weight: 400;\">Baixo consumo el\u00e9trico comparado a sistemas convencionais;<\/span><\/li>\n<li style=\"font-weight: 400;\" aria-level=\"1\"><span style=\"font-weight: 400;\">Facilidade de integra\u00e7\u00e3o com exaust\u00e3o industrial.<\/span><\/li>\n<\/ul>\n<p><span style=\"font-weight: 400;\">Contudo, o sucesso da aplica\u00e7\u00e3o depende de projeto t\u00e9cnico adequado. A venda consultiva torna-se fundamental: an\u00e1lise do layout, simula\u00e7\u00e3o de fluxo de ar, defini\u00e7\u00e3o de pontos estrat\u00e9gicos de instala\u00e7\u00e3o e c\u00e1lculo preciso de vaz\u00e3o.<\/span><\/p>\n<p><span style=\"font-weight: 400;\">\u00c9 nesse ponto que a Ecoclimas se posiciona como parceira t\u00e9cnica, n\u00e3o apenas fornecedora de equipamentos.<\/span><\/p>\n<div id=\"attachment_1161\" style=\"width: 1010px\" class=\"wp-caption alignnone\"><img loading=\"lazy\" decoding=\"async\" aria-describedby=\"caption-attachment-1161\" class=\"size-full wp-image-1161\" src=\"https:\/\/www.ecoclimas.com.br\/blog\/wp-content\/uploads\/2026\/03\/NR-17.2.jpg\" alt=\"Siga as normas de conforto t\u00e9rmico NR-17 para a sua empresa\" width=\"1000\" height=\"1000\" srcset=\"https:\/\/www.ecoclimas.com.br\/blog\/wp-content\/uploads\/2026\/03\/NR-17.2.jpg 1000w, https:\/\/www.ecoclimas.com.br\/blog\/wp-content\/uploads\/2026\/03\/NR-17.2-300x300.jpg 300w, https:\/\/www.ecoclimas.com.br\/blog\/wp-content\/uploads\/2026\/03\/NR-17.2-150x150.jpg 150w, https:\/\/www.ecoclimas.com.br\/blog\/wp-content\/uploads\/2026\/03\/NR-17.2-768x768.jpg 768w, https:\/\/www.ecoclimas.com.br\/blog\/wp-content\/uploads\/2026\/03\/NR-17.2-440x440.jpg 440w\" sizes=\"auto, (max-width: 1000px) 100vw, 1000px\" \/><p id=\"caption-attachment-1161\" class=\"wp-caption-text\">Climatiza\u00e7\u00e3o eficiente \u00e9 parte essencial da adequa\u00e7\u00e3o \u00e0 NR-17: mais conforto t\u00e9rmico, mais produtividade e mais seguran\u00e7a para sua equipe.<\/p><\/div>\n<h2><b>Perguntas frequentes sobre NR-17 e climatiza\u00e7\u00e3o:<\/b><\/h2>\n<p><span style=\"font-weight: 400;\">\u00a0<\/span><\/p>\n<h3><b>A NR-17 determina uma temperatura fixa obrigat\u00f3ria para todos os ambientes?<\/b><\/h3>\n<p><span style=\"font-weight: 400;\">\u00a0<\/span><\/p>\n<p><span style=\"font-weight: 400;\">N\u00e3o. A <\/span><b>NR-17<\/b><span style=\"font-weight: 400;\"> estabelece a obrigatoriedade de condi\u00e7\u00f5es de conforto t\u00e9rmico adequadas, mas os par\u00e2metros variam conforme tipo de atividade, carga metab\u00f3lica e caracter\u00edsticas do ambiente. A avalia\u00e7\u00e3o deve ser t\u00e9cnica e contextualizada.<\/span><\/p>\n<h3><b>\u00a0Climatizador evaporativo atende \u00e0s exig\u00eancias da NR-17?<\/b><\/h3>\n<p><span style=\"font-weight: 400;\">Pode atender, desde que corretamente dimensionado e instalado com base em estudo t\u00e9cnico. A conformidade depende do resultado efetivo nos par\u00e2metros de conforto t\u00e9rmico e n\u00e3o apenas da tecnologia utilizada.<\/span><\/p>\n<h3><b>\u00c9 necess\u00e1rio realizar medi\u00e7\u00f5es peri\u00f3dicas ap\u00f3s a instala\u00e7\u00e3o?<\/b><\/h3>\n<p><span style=\"font-weight: 400;\">Sim. A manuten\u00e7\u00e3o da conformidade com a NR-17 exige monitoramento cont\u00ednuo, especialmente em ambientes industriais onde a carga t\u00e9rmica pode variar conforme produ\u00e7\u00e3o, sazonalidade e amplia\u00e7\u00e3o de maquin\u00e1rio.<\/span><\/p>\n<h2><b>Adequa\u00e7\u00e3o \u00e0 NR-17 exige engenharia, n\u00e3o improviso<\/b><\/h2>\n<p><span style=\"font-weight: 400;\">Atender \u00e0 NR-17 no que se refere ao conforto t\u00e9rmico n\u00e3o \u00e9 uma a\u00e7\u00e3o pontual, mas um processo t\u00e9cnico cont\u00ednuo. Exige diagn\u00f3stico preciso, dimensionamento adequado, documenta\u00e7\u00e3o formal e manuten\u00e7\u00e3o preventiva estruturada.<\/span><\/p>\n<p><span style=\"font-weight: 400;\">Empresas que tratam climatiza\u00e7\u00e3o apenas como custo tendem a enfrentar queda de produtividade, absente\u00edsmo e risco jur\u00eddico. J\u00e1 organiza\u00e7\u00f5es que encaram o tema como parte estrat\u00e9gica da gest\u00e3o operacional transformam conforto t\u00e9rmico em vantagem competitiva.<\/span><\/p>\n<p><span style=\"font-weight: 400;\">A Ecoclimas atua com abordagem consultiva, oferecendo projetos personalizados de climatiza\u00e7\u00e3o evaporativa alinhados \u00e0s exig\u00eancias t\u00e9cnicas da <\/span><b>NR-17<\/b><span style=\"font-weight: 400;\">. Mais do que instalar equipamentos, a proposta \u00e9 garantir conformidade normativa, efici\u00eancia energ\u00e9tica e seguran\u00e7a jur\u00eddica para sua opera\u00e7\u00e3o.<\/span><\/p>\n<p><span style=\"font-weight: 400;\">Se sua empresa precisa evoluir do improviso para a engenharia aplicada em conforto t\u00e9rmico, o pr\u00f3ximo passo come\u00e7a com um diagn\u00f3stico t\u00e9cnico estruturado.<\/span><\/p>\n<p><i><span style=\"font-weight: 400;\">Voc\u00ea gostou do artigo? Acompanhe o <\/span><\/i><a href=\"https:\/\/www.ecoclimas.com.br\/blog\/\"><i><span style=\"font-weight: 400;\">blog<\/span><\/i><\/a><i><span style=\"font-weight: 400;\"> da Ecoclimas e siga nossas redes sociais para mais conte\u00fados sobre NR-17 e climatiza\u00e7\u00e3o eficiente!<\/span><\/i><\/p>\n","protected":false},"excerpt":{"rendered":"<p>A adequa\u00e7\u00e3o \u00e0s exig\u00eancias da NR-17 n\u00e3o pode ser tratada como um item secund\u00e1rio dentro da gest\u00e3o de Sa\u00fade e Seguran\u00e7a do Trabalho (SST). Para ind\u00fastrias, centros log\u00edsticos, varejo atacadista e ambientes corporativos com grande carga t\u00e9rmica interna, o conforto t\u00e9rmico \u00e9 vari\u00e1vel cr\u00edtica de produtividade, seguran\u00e7a operacional e passivo trabalhista. A climatiza\u00e7\u00e3o adequada n\u00e3o [&hellip;]<\/p>\n","protected":false},"author":1,"featured_media":1162,"comment_status":"open","ping_status":"open","sticky":false,"template":"","format":"standard","meta":{"_et_pb_use_builder":"","_et_pb_old_content":"","_et_gb_content_width":"","footnotes":""},"categories":[2],"tags":[],"yst_prominent_words":[],"class_list":["post-1160","post","type-post","status-publish","format-standard","has-post-thumbnail","hentry","category-artigos","et-has-post-format-content","et_post_format-et-post-format-standard"],"_links":{"self":[{"href":"https:\/\/www.ecoclimas.com.br\/blog\/wp-json\/wp\/v2\/posts\/1160","targetHints":{"allow":["GET"]}}],"collection":[{"href":"https:\/\/www.ecoclimas.com.br\/blog\/wp-json\/wp\/v2\/posts"}],"about":[{"href":"https:\/\/www.ecoclimas.com.br\/blog\/wp-json\/wp\/v2\/types\/post"}],"author":[{"embeddable":true,"href":"https:\/\/www.ecoclimas.com.br\/blog\/wp-json\/wp\/v2\/users\/1"}],"replies":[{"embeddable":true,"href":"https:\/\/www.ecoclimas.com.br\/blog\/wp-json\/wp\/v2\/comments?post=1160"}],"version-history":[{"count":1,"href":"https:\/\/www.ecoclimas.com.br\/blog\/wp-json\/wp\/v2\/posts\/1160\/revisions"}],"predecessor-version":[{"id":1163,"href":"https:\/\/www.ecoclimas.com.br\/blog\/wp-json\/wp\/v2\/posts\/1160\/revisions\/1163"}],"wp:featuredmedia":[{"embeddable":true,"href":"https:\/\/www.ecoclimas.com.br\/blog\/wp-json\/wp\/v2\/media\/1162"}],"wp:attachment":[{"href":"https:\/\/www.ecoclimas.com.br\/blog\/wp-json\/wp\/v2\/media?parent=1160"}],"wp:term":[{"taxonomy":"category","embeddable":true,"href":"https:\/\/www.ecoclimas.com.br\/blog\/wp-json\/wp\/v2\/categories?post=1160"},{"taxonomy":"post_tag","embeddable":true,"href":"https:\/\/www.ecoclimas.com.br\/blog\/wp-json\/wp\/v2\/tags?post=1160"},{"taxonomy":"yst_prominent_words","embeddable":true,"href":"https:\/\/www.ecoclimas.com.br\/blog\/wp-json\/wp\/v2\/yst_prominent_words?post=1160"}],"curies":[{"name":"wp","href":"https:\/\/api.w.org\/{rel}","templated":true}]}}