{"id":616,"date":"2021-08-26T15:26:05","date_gmt":"2021-08-26T18:26:05","guid":{"rendered":"https:\/\/www.ecoclimas.com.br\/blog\/?p=616"},"modified":"2022-05-11T08:54:41","modified_gmt":"2022-05-11T11:54:41","slug":"como-manter-a-saude-respiratoria-em-dias-secos","status":"publish","type":"post","link":"https:\/\/www.ecoclimas.com.br\/blog\/como-manter-a-saude-respiratoria-em-dias-secos\/","title":{"rendered":"Como manter a sa\u00fade respirat\u00f3ria em dias secos?"},"content":{"rendered":"<div class=\"fusion-content-tb fusion-content-tb-1\">\n<p>Em dias mais secos, manter a sa\u00fade e a boa respira\u00e7\u00e3o \u00e9 essencial, e isso requer alguns cuidados. Os Climatizadores Evaporativos da Ecoclimas s\u00e3o ideais para esses dias com pouca umidade no ar que causa a sensa\u00e7\u00e3o de ressecamento do nariz e da garganta. Contar com a climatiza\u00e7\u00e3o, bem como o balanceamento da umidade relativa do ar, pode ser uma \u00f3tima sa\u00edda.<\/p>\n<p>Climatizador evaporativo ajuda a diminuir as sensa\u00e7\u00f5es e sintomas que o tempo seco causa, al\u00e9m de poder ser usado tanto em ambientes abertos como fechados. A Ecoclimas trabalha com aparelhos que n\u00e3o prejudicam o meio ambiente, sendo sustent\u00e1vel para o seu dia a dia.<\/p>\n<p>Opte por climatizadores evaporativos da Ecoclimas, prezando pelo seu conforto e qualidade de vida. Al\u00e9m disso, reduz em at\u00e9 90% o consumo de energia do seu lar, com\u00e9rcio, escrit\u00f3rio ou ind\u00fastria comparado ao que poderia gastar com ar condicionado convencional.<\/p>\n<p>Interessado(a) em climatizar corretamente o ambiente em dias secos? Ent\u00e3o acesse <a href=\"http:\/\/www.ecoclimas.com.br\/contato\">www.ecoclimas.com.br\/contato<\/a> e fa\u00e7a um or\u00e7amento agora mesmo.<\/p>\n<\/div>\n","protected":false},"excerpt":{"rendered":"<p>Em dias mais secos, manter a sa\u00fade e a boa respira\u00e7\u00e3o \u00e9 essencial, e isso requer alguns cuidados. Os Climatizadores Evaporativos da Ecoclimas s\u00e3o ideais para esses dias com pouca umidade no ar que causa a sensa\u00e7\u00e3o de ressecamento do nariz e da garganta. Contar com a climatiza\u00e7\u00e3o, bem como o balanceamento da umidade relativa [&hellip;]<\/p>\n","protected":false},"author":1,"featured_media":617,"comment_status":"open","ping_status":"open","sticky":false,"template":"","format":"standard","meta":{"_et_pb_use_builder":"","_et_pb_old_content":"","_et_gb_content_width":"","footnotes":""},"categories":[2],"tags":[111,114],"yst_prominent_words":[],"class_list":["post-616","post","type-post","status-publish","format-standard","has-post-thumbnail","hentry","category-artigos","tag-ambiente-climatizado","tag-climatizacao-ideal","et-has-post-format-content","et_post_format-et-post-format-standard"],"_links":{"self":[{"href":"https:\/\/www.ecoclimas.com.br\/blog\/wp-json\/wp\/v2\/posts\/616","targetHints":{"allow":["GET"]}}],"collection":[{"href":"https:\/\/www.ecoclimas.com.br\/blog\/wp-json\/wp\/v2\/posts"}],"about":[{"href":"https:\/\/www.ecoclimas.com.br\/blog\/wp-json\/wp\/v2\/types\/post"}],"author":[{"embeddable":true,"href":"https:\/\/www.ecoclimas.com.br\/blog\/wp-json\/wp\/v2\/users\/1"}],"replies":[{"embeddable":true,"href":"https:\/\/www.ecoclimas.com.br\/blog\/wp-json\/wp\/v2\/comments?post=616"}],"version-history":[{"count":1,"href":"https:\/\/www.ecoclimas.com.br\/blog\/wp-json\/wp\/v2\/posts\/616\/revisions"}],"predecessor-version":[{"id":618,"href":"https:\/\/www.ecoclimas.com.br\/blog\/wp-json\/wp\/v2\/posts\/616\/revisions\/618"}],"wp:featuredmedia":[{"embeddable":true,"href":"https:\/\/www.ecoclimas.com.br\/blog\/wp-json\/wp\/v2\/media\/617"}],"wp:attachment":[{"href":"https:\/\/www.ecoclimas.com.br\/blog\/wp-json\/wp\/v2\/media?parent=616"}],"wp:term":[{"taxonomy":"category","embeddable":true,"href":"https:\/\/www.ecoclimas.com.br\/blog\/wp-json\/wp\/v2\/categories?post=616"},{"taxonomy":"post_tag","embeddable":true,"href":"https:\/\/www.ecoclimas.com.br\/blog\/wp-json\/wp\/v2\/tags?post=616"},{"taxonomy":"yst_prominent_words","embeddable":true,"href":"https:\/\/www.ecoclimas.com.br\/blog\/wp-json\/wp\/v2\/yst_prominent_words?post=616"}],"curies":[{"name":"wp","href":"https:\/\/api.w.org\/{rel}","templated":true}]}}